{"id":2008,"date":"2025-04-07T20:38:50","date_gmt":"2025-04-07T20:38:50","guid":{"rendered":"https:\/\/dimiberic.org\/?p=2008"},"modified":"2025-04-07T20:38:50","modified_gmt":"2025-04-07T20:38:50","slug":"8-de-marzo-dia-internacional-del-pueblo-gitano","status":"publish","type":"post","link":"https:\/\/dimiberic.org\/index.php\/2025\/04\/07\/8-de-marzo-dia-internacional-del-pueblo-gitano\/","title":{"rendered":"8 de marzo: D\u00eda Internacional del Pueblo gitano"},"content":{"rendered":"<p>D\u00eda Internacional del Pueblo Gitano. Desde 1971, conmemoraci\u00f3n del reconocimiento del pueblo gitano en la ONU, y de la elecci\u00f3n de la bandera y el himno gitano (el Gelem-Gelem). Espa\u00f1a ha declarado el a\u00f1o 2025 como \u201cA\u00f1o del Pueblo Gitano\u201d para conmemorar su llegada hace 600 a\u00f1os, un 12 de enero de 1425 cuando la comunidad gitana entr\u00f3 en la Pen\u00ednsula Ib\u00e9rica a trav\u00e9s del reino de Arag\u00f3n.<\/p>\n","protected":false},"excerpt":{"rendered":"<p>D\u00eda Internacional del Pueblo Gitano. Desde 1971, conmemoraci\u00f3n del reconocimiento del pueblo gitano en la ONU, y de la elecci\u00f3n de la bandera&#8230;<\/p>\n","protected":false},"author":2,"featured_media":2009,"comment_status":"open","ping_status":"open","sticky":false,"template":"","format":"standard","meta":{"footnotes":""},"categories":[5],"tags":[],"class_list":["post-2008","post","type-post","status-publish","format-standard","has-post-thumbnail","hentry","category-calendario"],"_links":{"self":[{"href":"https:\/\/dimiberic.org\/index.php\/wp-json\/wp\/v2\/posts\/2008","targetHints":{"allow":["GET"]}}],"collection":[{"href":"https:\/\/dimiberic.org\/index.php\/wp-json\/wp\/v2\/posts"}],"about":[{"href":"https:\/\/dimiberic.org\/index.php\/wp-json\/wp\/v2\/types\/post"}],"author":[{"embeddable":true,"href":"https:\/\/dimiberic.org\/index.php\/wp-json\/wp\/v2\/users\/2"}],"replies":[{"embeddable":true,"href":"https:\/\/dimiberic.org\/index.php\/wp-json\/wp\/v2\/comments?post=2008"}],"version-history":[{"count":1,"href":"https:\/\/dimiberic.org\/index.php\/wp-json\/wp\/v2\/posts\/2008\/revisions"}],"predecessor-version":[{"id":2010,"href":"https:\/\/dimiberic.org\/index.php\/wp-json\/wp\/v2\/posts\/2008\/revisions\/2010"}],"wp:featuredmedia":[{"embeddable":true,"href":"https:\/\/dimiberic.org\/index.php\/wp-json\/wp\/v2\/media\/2009"}],"wp:attachment":[{"href":"https:\/\/dimiberic.org\/index.php\/wp-json\/wp\/v2\/media?parent=2008"}],"wp:term":[{"taxonomy":"category","embeddable":true,"href":"https:\/\/dimiberic.org\/index.php\/wp-json\/wp\/v2\/categories?post=2008"},{"taxonomy":"post_tag","embeddable":true,"href":"https:\/\/dimiberic.org\/index.php\/wp-json\/wp\/v2\/tags?post=2008"}],"curies":[{"name":"wp","href":"https:\/\/api.w.org\/{rel}","templated":true}]}}