{"id":303,"date":"2019-05-02T15:49:19","date_gmt":"2019-05-02T15:49:19","guid":{"rendered":"http:\/\/dimiberic.org\/?p=303"},"modified":"2019-05-02T16:08:52","modified_gmt":"2019-05-02T16:08:52","slug":"concierto-de-tres-culturas-la-almudena-2019","status":"publish","type":"post","link":"https:\/\/dimiberic.org\/index.php\/2019\/05\/02\/concierto-de-tres-culturas-la-almudena-2019\/","title":{"rendered":"Concierto de Tres Culturas La Almudena 2019"},"content":{"rendered":"<p><img loading=\"lazy\" decoding=\"async\" class=\"size-medium wp-image-27 alignleft\" src=\"http:\/\/dimiberic.org\/wp-content\/uploads\/2019\/04\/Cartesl-2019-Concierto-300x195.jpg\" alt=\"\" width=\"300\" height=\"195\" srcset=\"https:\/\/dimiberic.org\/wp-content\/uploads\/2019\/04\/Cartesl-2019-Concierto-300x195.jpg 300w, https:\/\/dimiberic.org\/wp-content\/uploads\/2019\/04\/Cartesl-2019-Concierto-768x499.jpg 768w, https:\/\/dimiberic.org\/wp-content\/uploads\/2019\/04\/Cartesl-2019-Concierto-1024x665.jpg 1024w, https:\/\/dimiberic.org\/wp-content\/uploads\/2019\/04\/Cartesl-2019-Concierto-648x421.jpg 648w, https:\/\/dimiberic.org\/wp-content\/uploads\/2019\/04\/Cartesl-2019-Concierto-296x192.jpg 296w, https:\/\/dimiberic.org\/wp-content\/uploads\/2019\/04\/Cartesl-2019-Concierto.jpg 1334w\" sizes=\"auto, (max-width: 300px) 100vw, 300px\" \/>El pasado jueves 21 de Marzo, a las 19:00 horas, participamos en la Catedral de La Almudena, Madrid, del Concierto de Tres Culturas, organizado por Arco Forum, el Centro Unesco Getafe -Madrid-, IERMA (Instituto de Estudios sobre Religiones y Mundo Actual), con la colaboraci\u00f3n de la Arquidi\u00f3cesis de Madrid y otras diez organizaciones interconfesionales. La entrada era libre. El saludo inicial estuvo a cargo del Arzobispado de Madrid, de D. Alberto Guerrero del Centro UNESCO y de D. Temir de Arco Forum. A pesar de ser jueves por la tarde, los cuatro costados de la catedral estaban llenos de visitantes al acto, especialmente de j\u00f3venes que no paraban de entrar por la puerta principal.<\/p>\n<p>En su VI edici\u00f3n, el programa se dividi\u00f3 en tres partes. Primero disfrutamos de la armoniosa polifon\u00eda del Coro del Colegio La Salle Maravilla, con melod\u00edas gregorianas de G. Faur\u00e9, C. Saint-Sa\u00ebns y M. Durufl\u00e9 entre otros. El coro de ni\u00f1os abri\u00f3 el evento con su canto lleno de vida, dando paso al coro de los j\u00f3venes. La segunda parte de esta tarde fue del grupo de Eduardo Paniagua \u201cM\u00fasica Antigua\u201d, quienes interpretaron hermosas melod\u00edas medievales jud\u00edas de la tradici\u00f3n sefard\u00ed oriental, salmos, poemas lit\u00fargicos y oraciones. Por \u00faltimo, Al Firdaus Ensemble y Makam Duo,<img loading=\"lazy\" decoding=\"async\" class=\" wp-image-12 alignright\" src=\"http:\/\/dimiberic.org\/wp-content\/uploads\/2019\/04\/Concierto-Tres-Culturas-265x300.jpeg\" alt=\"\" width=\"189\" height=\"214\" srcset=\"https:\/\/dimiberic.org\/wp-content\/uploads\/2019\/04\/Concierto-Tres-Culturas-265x300.jpeg 265w, https:\/\/dimiberic.org\/wp-content\/uploads\/2019\/04\/Concierto-Tres-Culturas-768x869.jpeg 768w, https:\/\/dimiberic.org\/wp-content\/uploads\/2019\/04\/Concierto-Tres-Culturas-905x1024.jpeg 905w\" sizes=\"auto, (max-width: 189px) 100vw, 189px\" \/> crearon un clima de silencio con la plegaria \u201cSafa\u201d que invoca algunos de los Bellos Nombres de Dios, ejecutada en una composici\u00f3n musical propia. Cuatro poemas y oraciones medievales de origen suf\u00ed turco, morisco, composiciones propias siguieron a continuaci\u00f3n, coronando el final de su participaci\u00f3n con la danza-oraci\u00f3n del derviche gir\u00f3vago, al ritmo de \u201cAl-Fiyasya\u201d soy siervo de un Se\u00f1or poderoso que hace lo dif\u00edcil f\u00e1cil.<\/p>\n<p>Entre los participantes estuvieron presentes D. Manuel E. Barrios, Director del Secretariado de Relaciones Interconfesionales de la CEE y Jes\u00fas Miguel Zamora, Secretario de la CONFER. En la web del Concierto de Culturas, http:\/\/conciertodeculturas.es\/, encontramos fotos, videos e informaci\u00f3n sobre los conciertos que se han realizado.<\/p>\n<p>&nbsp;<\/p>\n<p>&nbsp;<\/p>\n","protected":false},"excerpt":{"rendered":"<p>El pasado jueves 21 de Marzo, a las 19:00 horas, participamos en la Catedral de La Almudena, Madrid, del Concierto de Tres Culturas,&#8230;<\/p>\n","protected":false},"author":1,"featured_media":33,"comment_status":"closed","ping_status":"closed","sticky":false,"template":"","format":"standard","meta":{"footnotes":""},"categories":[1],"tags":[],"class_list":["post-303","post","type-post","status-publish","format-standard","has-post-thumbnail","hentry","category-uncategorized"],"_links":{"self":[{"href":"https:\/\/dimiberic.org\/index.php\/wp-json\/wp\/v2\/posts\/303","targetHints":{"allow":["GET"]}}],"collection":[{"href":"https:\/\/dimiberic.org\/index.php\/wp-json\/wp\/v2\/posts"}],"about":[{"href":"https:\/\/dimiberic.org\/index.php\/wp-json\/wp\/v2\/types\/post"}],"author":[{"embeddable":true,"href":"https:\/\/dimiberic.org\/index.php\/wp-json\/wp\/v2\/users\/1"}],"replies":[{"embeddable":true,"href":"https:\/\/dimiberic.org\/index.php\/wp-json\/wp\/v2\/comments?post=303"}],"version-history":[{"count":3,"href":"https:\/\/dimiberic.org\/index.php\/wp-json\/wp\/v2\/posts\/303\/revisions"}],"predecessor-version":[{"id":306,"href":"https:\/\/dimiberic.org\/index.php\/wp-json\/wp\/v2\/posts\/303\/revisions\/306"}],"wp:featuredmedia":[{"embeddable":true,"href":"https:\/\/dimiberic.org\/index.php\/wp-json\/wp\/v2\/media\/33"}],"wp:attachment":[{"href":"https:\/\/dimiberic.org\/index.php\/wp-json\/wp\/v2\/media?parent=303"}],"wp:term":[{"taxonomy":"category","embeddable":true,"href":"https:\/\/dimiberic.org\/index.php\/wp-json\/wp\/v2\/categories?post=303"},{"taxonomy":"post_tag","embeddable":true,"href":"https:\/\/dimiberic.org\/index.php\/wp-json\/wp\/v2\/tags?post=303"}],"curies":[{"name":"wp","href":"https:\/\/api.w.org\/{rel}","templated":true}]}}