{"id":345,"date":"2019-05-06T09:59:43","date_gmt":"2019-05-06T09:59:43","guid":{"rendered":"http:\/\/dimiberic.org\/?p=345"},"modified":"2019-05-12T17:48:58","modified_gmt":"2019-05-12T17:48:58","slug":"6-o-7-de-mayo-inicio-del-mes-de-ramadan","status":"publish","type":"post","link":"https:\/\/dimiberic.org\/index.php\/2019\/05\/06\/6-o-7-de-mayo-inicio-del-mes-de-ramadan\/","title":{"rendered":"6 o 7 de Mayo Inicio del mes de RAMAD\u00c1N"},"content":{"rendered":"<p><img loading=\"lazy\" decoding=\"async\" class=\"wp-image-346 alignright\" src=\"http:\/\/dimiberic.org\/wp-content\/uploads\/2019\/05\/Ramadan-300x168.jpg\" alt=\"\" width=\"314\" height=\"176\" \/><\/p>\n<p><strong>6 \u00f3 7.- Inicio del mes de RAMAD\u00c1N: (Fecha variable seg\u00fan los pa\u00edses, en funci\u00f3n de la observaci\u00f3n de la luna)<\/strong><\/p>\n<p>El ayuno de Ramad\u00e1n corresponde al noveno mes del calendario de la H\u00e9gira. Prescrito en el Cor\u00e1n (especialmente Sura 2, v. 185), es uno de los cinco pilares del Islam. El ayuno del Ramad\u00e1n requiere que todos los musulmanes sanos y adultos se abstengan de toda comida y bebida, para no tomar ninguna sustancia (incluido el humo) y no tener relaciones sexuales desde el amanecer hasta el atardecer.<\/p>\n<p>Est\u00e1n previstas excepciones y aplazamientos a un per\u00edodo posterior para viajeros, mujeres embarazadas y, por supuesto, para los enfermos. Habitualmente los musulmanes se encuentran al anochecer para romper el ayuno compartiendo leche y d\u00e1tiles; seguido de una comida a la que se recomienda invitar a los m\u00e1s pobres en solidaridad con los miembros de una misma comunidad. Ramad\u00e1n es para los fieles un esfuerzo sobre s\u00ed mismo que asocia cuerpo, coraz\u00f3n y esp\u00edritu con la preferencia por marcar la prioridad que uno debe a Dios.<\/p>\n<p>La privaci\u00f3n de alimentos no vale por s\u00ed misma, sino para el lugar que deja al recuerdo de Dios, creador de todas las cosas y misericordioso con los que acuden a \u00c9l. Para muchos musulmanes, el mes de Ramad\u00e1n es tambi\u00e9n la oportunidad de asistir a las mezquitas para orar durante la noche. Termina con la fiesta de romper el ayuno (Eid al-Fitr), donde a los musulmanes les gusta reencontrarse en la alegr\u00eda del esfuerzo hecho por Dios.<\/p>\n","protected":false},"excerpt":{"rendered":"<p>6 \u00f3 7.- Inicio del mes de RAMAD\u00c1N: (Fecha variable seg\u00fan los pa\u00edses, en funci\u00f3n de la observaci\u00f3n de la luna) El ayuno&#8230;<\/p>\n","protected":false},"author":1,"featured_media":346,"comment_status":"closed","ping_status":"closed","sticky":false,"template":"","format":"standard","meta":{"footnotes":""},"categories":[1],"tags":[],"class_list":["post-345","post","type-post","status-publish","format-standard","has-post-thumbnail","hentry","category-uncategorized"],"_links":{"self":[{"href":"https:\/\/dimiberic.org\/index.php\/wp-json\/wp\/v2\/posts\/345","targetHints":{"allow":["GET"]}}],"collection":[{"href":"https:\/\/dimiberic.org\/index.php\/wp-json\/wp\/v2\/posts"}],"about":[{"href":"https:\/\/dimiberic.org\/index.php\/wp-json\/wp\/v2\/types\/post"}],"author":[{"embeddable":true,"href":"https:\/\/dimiberic.org\/index.php\/wp-json\/wp\/v2\/users\/1"}],"replies":[{"embeddable":true,"href":"https:\/\/dimiberic.org\/index.php\/wp-json\/wp\/v2\/comments?post=345"}],"version-history":[{"count":1,"href":"https:\/\/dimiberic.org\/index.php\/wp-json\/wp\/v2\/posts\/345\/revisions"}],"predecessor-version":[{"id":347,"href":"https:\/\/dimiberic.org\/index.php\/wp-json\/wp\/v2\/posts\/345\/revisions\/347"}],"wp:featuredmedia":[{"embeddable":true,"href":"https:\/\/dimiberic.org\/index.php\/wp-json\/wp\/v2\/media\/346"}],"wp:attachment":[{"href":"https:\/\/dimiberic.org\/index.php\/wp-json\/wp\/v2\/media?parent=345"}],"wp:term":[{"taxonomy":"category","embeddable":true,"href":"https:\/\/dimiberic.org\/index.php\/wp-json\/wp\/v2\/categories?post=345"},{"taxonomy":"post_tag","embeddable":true,"href":"https:\/\/dimiberic.org\/index.php\/wp-json\/wp\/v2\/tags?post=345"}],"curies":[{"name":"wp","href":"https:\/\/api.w.org\/{rel}","templated":true}]}}