{"id":681,"date":"2024-09-21T08:00:15","date_gmt":"2024-09-21T08:00:15","guid":{"rendered":"http:\/\/dimiberic.org\/?p=681"},"modified":"2024-08-31T17:33:38","modified_gmt":"2024-08-31T17:33:38","slug":"21-de-septiembre-dia-internacional-de-la-paz","status":"publish","type":"post","link":"https:\/\/dimiberic.org\/index.php\/2024\/09\/21\/21-de-septiembre-dia-internacional-de-la-paz\/","title":{"rendered":"21 de Septiembre: D\u00eda Internacional de la Paz"},"content":{"rendered":"<p>La Asamblea General de las Naciones Unidas proclam\u00f3 el 21 de septiembre \u00abcomo D\u00eda Internacional de la Paz, y estar\u00e1 dedicado a conmemorar y fortalecer los ideales de paz en cada naci\u00f3n y en cada pueblo y entre ellos\u00bb.<\/p>\n","protected":false},"excerpt":{"rendered":"<p>La Asamblea General de las Naciones Unidas proclam\u00f3 el 21 de septiembre \u00abcomo D\u00eda Internacional de la Paz, y estar\u00e1 dedicado a conmemorar&#8230;<\/p>\n","protected":false},"author":1,"featured_media":682,"comment_status":"closed","ping_status":"closed","sticky":false,"template":"","format":"standard","meta":{"footnotes":""},"categories":[5],"tags":[],"class_list":["post-681","post","type-post","status-publish","format-standard","has-post-thumbnail","hentry","category-calendario"],"_links":{"self":[{"href":"https:\/\/dimiberic.org\/index.php\/wp-json\/wp\/v2\/posts\/681","targetHints":{"allow":["GET"]}}],"collection":[{"href":"https:\/\/dimiberic.org\/index.php\/wp-json\/wp\/v2\/posts"}],"about":[{"href":"https:\/\/dimiberic.org\/index.php\/wp-json\/wp\/v2\/types\/post"}],"author":[{"embeddable":true,"href":"https:\/\/dimiberic.org\/index.php\/wp-json\/wp\/v2\/users\/1"}],"replies":[{"embeddable":true,"href":"https:\/\/dimiberic.org\/index.php\/wp-json\/wp\/v2\/comments?post=681"}],"version-history":[{"count":1,"href":"https:\/\/dimiberic.org\/index.php\/wp-json\/wp\/v2\/posts\/681\/revisions"}],"predecessor-version":[{"id":683,"href":"https:\/\/dimiberic.org\/index.php\/wp-json\/wp\/v2\/posts\/681\/revisions\/683"}],"wp:featuredmedia":[{"embeddable":true,"href":"https:\/\/dimiberic.org\/index.php\/wp-json\/wp\/v2\/media\/682"}],"wp:attachment":[{"href":"https:\/\/dimiberic.org\/index.php\/wp-json\/wp\/v2\/media?parent=681"}],"wp:term":[{"taxonomy":"category","embeddable":true,"href":"https:\/\/dimiberic.org\/index.php\/wp-json\/wp\/v2\/categories?post=681"},{"taxonomy":"post_tag","embeddable":true,"href":"https:\/\/dimiberic.org\/index.php\/wp-json\/wp\/v2\/tags?post=681"}],"curies":[{"name":"wp","href":"https:\/\/api.w.org\/{rel}","templated":true}]}}