{"id":799,"date":"2024-11-24T06:49:18","date_gmt":"2024-11-24T06:49:18","guid":{"rendered":"http:\/\/dimiberic.org\/?p=799"},"modified":"2024-11-03T16:44:51","modified_gmt":"2024-11-03T16:44:51","slug":"24-de-noviembre-cristo-rey","status":"publish","type":"post","link":"https:\/\/dimiberic.org\/index.php\/2024\/11\/24\/24-de-noviembre-cristo-rey\/","title":{"rendered":"24 de Noviembre: Cristo Rey"},"content":{"rendered":"<p>Fiesta Cat\u00f3lica. La\u00a0<a href=\"http:\/\/es.wikipedia.org\/wiki\/Cristo_Rey_(t%C3%ADtulo)\">Solemnidad de Jesucristo, Rey del Universo<\/a>\u00a0es un festividad religiosa que originalmente fue promulgada por el Romano\u00a0<a href=\"http:\/\/es.wikipedia.org\/wiki\/Pont%C3%ADfice\">Pont\u00edfice<\/a>\u00a0<a href=\"http:\/\/es.wikipedia.org\/wiki\/P%C3%ADo_XI\">P\u00edo XI<\/a>\u00a0el d\u00eda 11 de diciembre de\u00a0<a href=\"http:\/\/es.wikipedia.org\/wiki\/1925\">1925<\/a>\u00a0a trav\u00e9s de su\u00a0<a href=\"http:\/\/es.wikipedia.org\/wiki\/Enc%C3%ADclica\">enc\u00edclica<\/a>\u00a0Quas primas, al conmemorar un a\u00f1o Jubilar, el XVI centenario del\u00a0<a href=\"http:\/\/es.wikipedia.org\/wiki\/Concilio_de_Nicea_I\">I Concilio Ecum\u00e9nico de Nicea<\/a>\u00a0(que defini\u00f3 y proclam\u00f3 el dogma de la consubstancialidad del Hijo Unig\u00e9nito con el Padre, adem\u00e1s de incluir las palabras &#8230;y su reino no tendr\u00e1 fin, en el S\u00edmbolo o \u00abCredo Apost\u00f3lico\u00bb, promulgando as\u00ed la real dignidad de Cristo) estableciendo para su celebraci\u00f3n el\u00a0<a href=\"http:\/\/es.wikipedia.org\/wiki\/Domingo\">domingo<\/a>\u00a0anterior al d\u00eda de Todos los Santos (1 de\u00a0<a href=\"http:\/\/es.wikipedia.org\/wiki\/Noviembre\">noviembre<\/a>). La\u00a0<a href=\"http:\/\/es.wikipedia.org\/wiki\/Cristo_Rey_(t%C3%ADtulo)\">Solemnidad de Cristo Rey<\/a>\u00a0se celebra el quinto domingo anterior al 25 de\u00a0<a href=\"http:\/\/es.wikipedia.org\/wiki\/Diciembre\">diciembre<\/a>. Por lo tanto, su fecha var\u00eda u oscila entre los d\u00edas 20 y 26 de\u00a0<a href=\"http:\/\/es.wikipedia.org\/wiki\/Noviembre\">noviembre<\/a>. Desde el\u00a0<a href=\"http:\/\/es.wikipedia.org\/wiki\/Concilio_Vaticano_II\">Vaticano II<\/a>\u00a0esta festividad cierra el\u00a0<a href=\"http:\/\/es.wikipedia.org\/wiki\/A%C3%B1o_lit%C3%BArgico\">a\u00f1o lit\u00fargico<\/a>.<\/p>\n","protected":false},"excerpt":{"rendered":"<p>Fiesta Cat\u00f3lica. La\u00a0Solemnidad de Jesucristo, Rey del Universo\u00a0es un festividad religiosa que originalmente fue promulgada por el Romano\u00a0Pont\u00edfice\u00a0P\u00edo XI\u00a0el d\u00eda 11 de diciembre&#8230;<\/p>\n","protected":false},"author":1,"featured_media":790,"comment_status":"closed","ping_status":"closed","sticky":false,"template":"","format":"standard","meta":{"footnotes":""},"categories":[5],"tags":[],"class_list":["post-799","post","type-post","status-publish","format-standard","has-post-thumbnail","hentry","category-calendario"],"_links":{"self":[{"href":"https:\/\/dimiberic.org\/index.php\/wp-json\/wp\/v2\/posts\/799","targetHints":{"allow":["GET"]}}],"collection":[{"href":"https:\/\/dimiberic.org\/index.php\/wp-json\/wp\/v2\/posts"}],"about":[{"href":"https:\/\/dimiberic.org\/index.php\/wp-json\/wp\/v2\/types\/post"}],"author":[{"embeddable":true,"href":"https:\/\/dimiberic.org\/index.php\/wp-json\/wp\/v2\/users\/1"}],"replies":[{"embeddable":true,"href":"https:\/\/dimiberic.org\/index.php\/wp-json\/wp\/v2\/comments?post=799"}],"version-history":[{"count":5,"href":"https:\/\/dimiberic.org\/index.php\/wp-json\/wp\/v2\/posts\/799\/revisions"}],"predecessor-version":[{"id":1892,"href":"https:\/\/dimiberic.org\/index.php\/wp-json\/wp\/v2\/posts\/799\/revisions\/1892"}],"wp:featuredmedia":[{"embeddable":true,"href":"https:\/\/dimiberic.org\/index.php\/wp-json\/wp\/v2\/media\/790"}],"wp:attachment":[{"href":"https:\/\/dimiberic.org\/index.php\/wp-json\/wp\/v2\/media?parent=799"}],"wp:term":[{"taxonomy":"category","embeddable":true,"href":"https:\/\/dimiberic.org\/index.php\/wp-json\/wp\/v2\/categories?post=799"},{"taxonomy":"post_tag","embeddable":true,"href":"https:\/\/dimiberic.org\/index.php\/wp-json\/wp\/v2\/tags?post=799"}],"curies":[{"name":"wp","href":"https:\/\/api.w.org\/{rel}","templated":true}]}}