{"id":967,"date":"2025-02-20T06:29:10","date_gmt":"2025-02-20T06:29:10","guid":{"rendered":"http:\/\/dimiberic.org\/?p=967"},"modified":"2025-02-19T16:27:45","modified_gmt":"2025-02-19T16:27:45","slug":"20-de-febrero-dia-mundial-de-la-justicia-social","status":"publish","type":"post","link":"https:\/\/dimiberic.org\/index.php\/2025\/02\/20\/20-de-febrero-dia-mundial-de-la-justicia-social\/","title":{"rendered":"20 de Febrero: D\u00eda Mundial de la Justicia Social"},"content":{"rendered":"<p>D\u00eda Mundial de la Justicia Social se celebra el 20 de Febrero. En esta materia, la ONU hace referencia a la Organizaci\u00f3n Internacional del Trabajo, organismo especializado que integra el sistema de Naciones Unidas, y en especial al documento Declaraci\u00f3n sobre la Justicia Social para una Globalizaci\u00f3n Equitativa.<\/p>\n<p>La expresi\u00f3n \u00abjusticia social\u00bb fue acu\u00f1ada por el sacerdote jesuita italiano Luigi Taparelli, en el libro Saggio teoretico di dritto naturale, appoggiato sul fatto, publicado en 1843, en Livorno, Italia.<\/p>\n","protected":false},"excerpt":{"rendered":"<p>D\u00eda Mundial de la Justicia Social se celebra el 20 de Febrero. En esta materia, la ONU hace referencia a la Organizaci\u00f3n Internacional&#8230;<\/p>\n","protected":false},"author":1,"featured_media":966,"comment_status":"closed","ping_status":"closed","sticky":false,"template":"","format":"standard","meta":{"footnotes":""},"categories":[5],"tags":[],"class_list":["post-967","post","type-post","status-publish","format-standard","has-post-thumbnail","hentry","category-calendario"],"_links":{"self":[{"href":"https:\/\/dimiberic.org\/index.php\/wp-json\/wp\/v2\/posts\/967","targetHints":{"allow":["GET"]}}],"collection":[{"href":"https:\/\/dimiberic.org\/index.php\/wp-json\/wp\/v2\/posts"}],"about":[{"href":"https:\/\/dimiberic.org\/index.php\/wp-json\/wp\/v2\/types\/post"}],"author":[{"embeddable":true,"href":"https:\/\/dimiberic.org\/index.php\/wp-json\/wp\/v2\/users\/1"}],"replies":[{"embeddable":true,"href":"https:\/\/dimiberic.org\/index.php\/wp-json\/wp\/v2\/comments?post=967"}],"version-history":[{"count":1,"href":"https:\/\/dimiberic.org\/index.php\/wp-json\/wp\/v2\/posts\/967\/revisions"}],"predecessor-version":[{"id":968,"href":"https:\/\/dimiberic.org\/index.php\/wp-json\/wp\/v2\/posts\/967\/revisions\/968"}],"wp:featuredmedia":[{"embeddable":true,"href":"https:\/\/dimiberic.org\/index.php\/wp-json\/wp\/v2\/media\/966"}],"wp:attachment":[{"href":"https:\/\/dimiberic.org\/index.php\/wp-json\/wp\/v2\/media?parent=967"}],"wp:term":[{"taxonomy":"category","embeddable":true,"href":"https:\/\/dimiberic.org\/index.php\/wp-json\/wp\/v2\/categories?post=967"},{"taxonomy":"post_tag","embeddable":true,"href":"https:\/\/dimiberic.org\/index.php\/wp-json\/wp\/v2\/tags?post=967"}],"curies":[{"name":"wp","href":"https:\/\/api.w.org\/{rel}","templated":true}]}}