{"id":988,"date":"2025-02-01T07:44:25","date_gmt":"2025-02-01T07:44:25","guid":{"rendered":"http:\/\/dimiberic.org\/?p=988"},"modified":"2025-02-19T16:24:27","modified_gmt":"2025-02-19T16:24:27","slug":"1-al-7-de-febrero-semana-mundial-de-la-armonia-interconfesional-2","status":"publish","type":"post","link":"https:\/\/dimiberic.org\/index.php\/2025\/02\/01\/1-al-7-de-febrero-semana-mundial-de-la-armonia-interconfesional-2\/","title":{"rendered":"1 al 7 de Febrero:  Semana Mundial de la Armon\u00eda Interconfesional."},"content":{"rendered":"<p>La Semana Mundial de la Armon\u00eda Interconfesional entre todas las religiones, confesiones y creencias es un evento anual que, desde 2011, se celebrar\u00e1 durante la primera semana de febrero todos los a\u00f1os. Con la observaci\u00f3n de esta semana, se quiere poner de relieve la necesidad imperiosa de que las distintas confesiones y religiones dialoguen para que aumente la comprensi\u00f3n mutua, la armon\u00eda y la cooperaci\u00f3n entre las personas y que los imperativos morales de todas las religiones, convicciones y creencias incluyen la paz, la tolerancia y la comprensi\u00f3n mutua.<\/p>\n<p>&nbsp;<\/p>\n","protected":false},"excerpt":{"rendered":"<p>La Semana Mundial de la Armon\u00eda Interconfesional entre todas las religiones, confesiones y creencias es un evento anual que, desde 2011, se celebrar\u00e1&#8230;<\/p>\n","protected":false},"author":1,"featured_media":956,"comment_status":"closed","ping_status":"closed","sticky":false,"template":"","format":"standard","meta":{"footnotes":""},"categories":[5],"tags":[],"class_list":["post-988","post","type-post","status-publish","format-standard","has-post-thumbnail","hentry","category-calendario"],"_links":{"self":[{"href":"https:\/\/dimiberic.org\/index.php\/wp-json\/wp\/v2\/posts\/988","targetHints":{"allow":["GET"]}}],"collection":[{"href":"https:\/\/dimiberic.org\/index.php\/wp-json\/wp\/v2\/posts"}],"about":[{"href":"https:\/\/dimiberic.org\/index.php\/wp-json\/wp\/v2\/types\/post"}],"author":[{"embeddable":true,"href":"https:\/\/dimiberic.org\/index.php\/wp-json\/wp\/v2\/users\/1"}],"replies":[{"embeddable":true,"href":"https:\/\/dimiberic.org\/index.php\/wp-json\/wp\/v2\/comments?post=988"}],"version-history":[{"count":4,"href":"https:\/\/dimiberic.org\/index.php\/wp-json\/wp\/v2\/posts\/988\/revisions"}],"predecessor-version":[{"id":1675,"href":"https:\/\/dimiberic.org\/index.php\/wp-json\/wp\/v2\/posts\/988\/revisions\/1675"}],"wp:featuredmedia":[{"embeddable":true,"href":"https:\/\/dimiberic.org\/index.php\/wp-json\/wp\/v2\/media\/956"}],"wp:attachment":[{"href":"https:\/\/dimiberic.org\/index.php\/wp-json\/wp\/v2\/media?parent=988"}],"wp:term":[{"taxonomy":"category","embeddable":true,"href":"https:\/\/dimiberic.org\/index.php\/wp-json\/wp\/v2\/categories?post=988"},{"taxonomy":"post_tag","embeddable":true,"href":"https:\/\/dimiberic.org\/index.php\/wp-json\/wp\/v2\/tags?post=988"}],"curies":[{"name":"wp","href":"https:\/\/api.w.org\/{rel}","templated":true}]}}