{"id":999,"date":"2024-02-14T05:17:56","date_gmt":"2024-02-14T05:17:56","guid":{"rendered":"http:\/\/dimiberic.org\/?p=999"},"modified":"2024-02-01T06:14:04","modified_gmt":"2024-02-01T06:14:04","slug":"14-de-febrero-miercoles-de-ceniza","status":"publish","type":"post","link":"https:\/\/dimiberic.org\/index.php\/2024\/02\/14\/14-de-febrero-miercoles-de-ceniza\/","title":{"rendered":"14 de Febrero: Mi\u00e9rcoles de Ceniza"},"content":{"rendered":"<p>Es el primer d\u00eda de la Cuaresma. La Cuaresma es el per\u00edodo del tiempo lit\u00fargico destinado por la Iglesia cat\u00f3lica, la Iglesia cat\u00f3lica ortodoxa y la Iglesia anglicana, adem\u00e1s de ciertas Iglesias evang\u00e9licas, aunque con inicios y duraciones distintas, para la preparaci\u00f3n de la fiesta de Pascua.<\/p>\n<p>Existen evidencias de la existencia de pr\u00e1cticas cuaresmales, en particular del ayuno como preparaci\u00f3n de la Pascua, desde fines del siglo II y principios del siglo III. Desde el a\u00f1o 322 existen noticias de la cuaresma en Oriente, mientras que en Roma se celebr\u00f3 con seguridad al menos desde 385. En los primeros tiempos de la Iglesia, la duraci\u00f3n de la cuaresma variaba. Finalmente, en el siglo IV se fij\u00f3 su duraci\u00f3n en 40 d\u00edas, con inicio seis semanas antes del domingo de Pascua.<\/p>\n<p>En los siglos VI-VII cobr\u00f3 gran importancia el ayuno como pr\u00e1ctica cuaresmal, present\u00e1ndose un inconveniente: desde los or\u00edgenes nunca se ayun\u00f3 en domingo por ser d\u00eda de fiesta, la celebraci\u00f3n del D\u00eda del Se\u00f1or. Para respetar el domingo y, a la vez, tener cuarenta d\u00edas efectivos de ayuno durante la cuaresma, en el siglo VII, se agregaron cuatro d\u00edas m\u00e1s a la cuaresma, antes del primer domingo, estableciendo los cuarenta d\u00edas de ayuno, para imitar el ayuno de Cristo en el desierto. Son exactamente cuarenta los d\u00edas que van del Mi\u00e9rcoles de Ceniza al S\u00e1bado Santo, sin contar los domingos.<\/p>\n","protected":false},"excerpt":{"rendered":"<p>Es el primer d\u00eda de la Cuaresma. La Cuaresma es el per\u00edodo del tiempo lit\u00fargico destinado por la Iglesia cat\u00f3lica, la Iglesia cat\u00f3lica&#8230;<\/p>\n","protected":false},"author":1,"featured_media":995,"comment_status":"closed","ping_status":"closed","sticky":false,"template":"","format":"standard","meta":{"footnotes":""},"categories":[5],"tags":[],"class_list":["post-999","post","type-post","status-publish","format-standard","has-post-thumbnail","hentry","category-calendario"],"_links":{"self":[{"href":"https:\/\/dimiberic.org\/index.php\/wp-json\/wp\/v2\/posts\/999","targetHints":{"allow":["GET"]}}],"collection":[{"href":"https:\/\/dimiberic.org\/index.php\/wp-json\/wp\/v2\/posts"}],"about":[{"href":"https:\/\/dimiberic.org\/index.php\/wp-json\/wp\/v2\/types\/post"}],"author":[{"embeddable":true,"href":"https:\/\/dimiberic.org\/index.php\/wp-json\/wp\/v2\/users\/1"}],"replies":[{"embeddable":true,"href":"https:\/\/dimiberic.org\/index.php\/wp-json\/wp\/v2\/comments?post=999"}],"version-history":[{"count":4,"href":"https:\/\/dimiberic.org\/index.php\/wp-json\/wp\/v2\/posts\/999\/revisions"}],"predecessor-version":[{"id":1788,"href":"https:\/\/dimiberic.org\/index.php\/wp-json\/wp\/v2\/posts\/999\/revisions\/1788"}],"wp:featuredmedia":[{"embeddable":true,"href":"https:\/\/dimiberic.org\/index.php\/wp-json\/wp\/v2\/media\/995"}],"wp:attachment":[{"href":"https:\/\/dimiberic.org\/index.php\/wp-json\/wp\/v2\/media?parent=999"}],"wp:term":[{"taxonomy":"category","embeddable":true,"href":"https:\/\/dimiberic.org\/index.php\/wp-json\/wp\/v2\/categories?post=999"},{"taxonomy":"post_tag","embeddable":true,"href":"https:\/\/dimiberic.org\/index.php\/wp-json\/wp\/v2\/tags?post=999"}],"curies":[{"name":"wp","href":"https:\/\/api.w.org\/{rel}","templated":true}]}}